{"id":50,"date":"2022-05-04T09:45:38","date_gmt":"2022-05-04T07:45:38","guid":{"rendered":"https:\/\/crapaudfou.be\/?p=50"},"modified":"2025-08-26T09:58:02","modified_gmt":"2025-08-26T07:58:02","slug":"voyage-autour-du-monde","status":"publish","type":"post","link":"https:\/\/crapaudfou.be\/?p=50","title":{"rendered":"Voyage autour du monde"},"content":{"rendered":"\n<p class=\"wp-block-paragraph\">Stage de cr\u00e9ativit\u00e9 pour enfants &#8211; 8 au 12 ao\u00fbt 2022<\/p>\n\n\n\n<blockquote class=\"wp-block-quote has-text-align-center is-style-default is-layout-flow wp-block-quote-is-layout-flow\"><p><span style=\"color:#489096\" class=\"has-inline-color\">Tant de paysages, de coutumes, d\u2019animaux diff\u00e9rents. Tant de mani\u00e8res de s\u2019exprimer, d\u2019habiter, de comprendre le monde,&#8230; Notre Terre et notre Humanit\u00e9 d\u00e9bordent de tr\u00e9sors et de merveilles! Une semaines riche en d\u00e9couvertes!<\/span><\/p><\/blockquote>\n\n\n\n<p class=\"wp-block-paragraph\"><strong><span class=\"has-inline-color has-luminous-vivid-orange-color\">Activit\u00e9s du stage<\/span> <span style=\"color:#489096\" class=\"has-inline-color\">Cr\u00e9ations<\/span><\/strong>&nbsp; (peinture, 3D, po\u00e9sie, th\u00e9\u00e2tre, bricolage)<span style=\"color:#489096\" class=\"has-inline-color\"><strong>, d\u00e9couvertes \u00e0 l\u2019aide des 5 sens, chansons et histoires cont\u00e9es, d\u00e9couvertes d\u2019oeuvres indig\u00e8nes et d\u2019Artistes et de leur langage pictural, cuisine, jeux d\u2019observation et de coop\u00e9ration, d\u00e9couvertes d\u2019instruments et de musiques du monde.<\/strong><\/span><\/p>\n\n\n\n<p class=\"wp-block-paragraph\"><strong><span class=\"has-inline-color has-luminous-vivid-orange-color\">Les cl\u00e9s du stage<\/span><\/strong> Chaque enfant est invit\u00e9 \u00e0 explorer sa cr\u00e9ativit\u00e9. Cette exploration se fait dans le respect de l\u2019autre et du rythme de chacun, dans un esprit d\u2019entraide entre petits et grands.<\/p>\n\n\n\n<p class=\"wp-block-paragraph\"><span class=\"has-inline-color has-luminous-vivid-orange-color\"><strong>Quand?<\/strong> <\/span>du 8 au 12 ao\u00fbt de 9h \u00e0 16h (possibilit\u00e9 d\u2019arriver plus t\u00f4t et de repartir plus tard)<\/p>\n\n\n\n<p class=\"wp-block-paragraph\"><strong><span class=\"has-inline-color has-luminous-vivid-orange-color\">Pour qui?<\/span><\/strong> Artistes en herbe de 5 \u00e0 10 ans (max. 10 enfants &#8211; min. 4 enfants pour organiser le stage)<\/p>\n\n\n\n<p class=\"wp-block-paragraph\"><strong><span class=\"has-inline-color has-luminous-vivid-orange-color\">Prix?<\/span><\/strong> 125\u20ac (mat\u00e9riel, collations et assurance compris) 100\u20ac pour un second enfant d\u2019une m\u00eame famille<\/p>\n\n\n\n<p class=\"wp-block-paragraph\"><span class=\"has-inline-color has-luminous-vivid-orange-color\"><strong>A emporter?<\/strong> <\/span>Pique-nique, v\u00eatements qui peuvent \u00eatre salis<\/p>\n\n\n\n<p class=\"wp-block-paragraph\"><strong><span class=\"has-inline-color has-luminous-vivid-orange-color\">O\u00f9?<\/span><\/strong> \u00c0 l\u2019atelier du Crapaud Fou (Baulers). Si le temps le permet, un maximum des activit\u00e9s se feront dans le jardin.<\/p>\n\n\n\n<p class=\"wp-block-paragraph\"><strong><span class=\"has-inline-color has-luminous-vivid-orange-color\">Le petit +<\/span><\/strong> Le vendredi 12 ao\u00fbt, les enfants vous accueilleront \u00e0 16h pour vous pr\u00e9senter l\u2019exposition de leurs cr\u00e9ations. Chacun repartira ensuite avec son carnet du stage personnalis\u00e9 et ses tr\u00e9sors.&nbsp;<\/p>\n\n\n\n<p class=\"wp-block-paragraph\"><strong><span class=\"has-inline-color has-luminous-vivid-orange-color\">Inscription<\/span><\/strong> Par mail \u00e0 info@crapaudfou.be<\/p>\n","protected":false},"excerpt":{"rendered":"<p>Stage de cr\u00e9ativit\u00e9 pour enfants &#8211; 8 au 12 ao\u00fbt 2022 Tant de paysages, de coutumes, d\u2019animaux diff\u00e9rents. Tant de mani\u00e8res de s\u2019exprimer, d\u2019habiter, de comprendre le monde,&#8230; Notre Terre et notre Humanit\u00e9 d\u00e9bordent de tr\u00e9sors et de merveilles! Une semaines riche en d\u00e9couvertes! Activit\u00e9s du stage Cr\u00e9ations&nbsp; (peinture, 3D, po\u00e9sie, th\u00e9\u00e2tre, bricolage), d\u00e9couvertes \u00e0 [&hellip;]<\/p>\n","protected":false},"author":1,"featured_media":70,"comment_status":"closed","ping_status":"closed","sticky":false,"template":"","format":"standard","meta":{"footnotes":""},"categories":[3],"tags":[],"class_list":["post-50","post","type-post","status-publish","format-standard","has-post-thumbnail","hentry","category-stages"],"_links":{"self":[{"href":"https:\/\/crapaudfou.be\/index.php?rest_route=\/wp\/v2\/posts\/50","targetHints":{"allow":["GET"]}}],"collection":[{"href":"https:\/\/crapaudfou.be\/index.php?rest_route=\/wp\/v2\/posts"}],"about":[{"href":"https:\/\/crapaudfou.be\/index.php?rest_route=\/wp\/v2\/types\/post"}],"author":[{"embeddable":true,"href":"https:\/\/crapaudfou.be\/index.php?rest_route=\/wp\/v2\/users\/1"}],"replies":[{"embeddable":true,"href":"https:\/\/crapaudfou.be\/index.php?rest_route=%2Fwp%2Fv2%2Fcomments&post=50"}],"version-history":[{"count":5,"href":"https:\/\/crapaudfou.be\/index.php?rest_route=\/wp\/v2\/posts\/50\/revisions"}],"predecessor-version":[{"id":77,"href":"https:\/\/crapaudfou.be\/index.php?rest_route=\/wp\/v2\/posts\/50\/revisions\/77"}],"wp:featuredmedia":[{"embeddable":true,"href":"https:\/\/crapaudfou.be\/index.php?rest_route=\/wp\/v2\/media\/70"}],"wp:attachment":[{"href":"https:\/\/crapaudfou.be\/index.php?rest_route=%2Fwp%2Fv2%2Fmedia&parent=50"}],"wp:term":[{"taxonomy":"category","embeddable":true,"href":"https:\/\/crapaudfou.be\/index.php?rest_route=%2Fwp%2Fv2%2Fcategories&post=50"},{"taxonomy":"post_tag","embeddable":true,"href":"https:\/\/crapaudfou.be\/index.php?rest_route=%2Fwp%2Fv2%2Ftags&post=50"}],"curies":[{"name":"wp","href":"https:\/\/api.w.org\/{rel}","templated":true}]}}